{"id":90441,"date":"2026-03-04T01:19:30","date_gmt":"2026-03-04T00:19:30","guid":{"rendered":"https:\/\/www.diagonalmarcentre.es\/?post_type=blog&#038;p=90441"},"modified":"2026-03-13T01:36:29","modified_gmt":"2026-03-13T00:36:29","slug":"tendencies-de-decoracio-2026-per-a-casa-teva","status":"publish","type":"blog","link":"https:\/\/www.diagonalmarcentre.es\/ca\/blog\/tendencies-de-decoracio-2026-per-a-casa-teva\/","title":{"rendered":"Tend\u00e8ncies de decoraci\u00f3 2026 per a casa teva: com posar casa teva a l&#8217;\u00faltima"},"content":{"rendered":"<p>Est&agrave;s pensant a <strong>redecorar casa teva<\/strong>? Vols con&egrave;ixer les <strong>tend&egrave;ncies de decoraci&oacute; 2026<\/strong> perqu&egrave; la teva llar estigui a l&rsquo;&uacute;ltima activitat? A Diagonal Mar t&rsquo;expliquem <strong>quins s&oacute;n els colors, estampats, estils i tend&egrave;ncies de la temporada<\/strong> i posem a la teva disposici&oacute; els nostres experts de botigues com <a href=\"https:\/\/www.diagonalmarcentre.es\/ca\/botigues\/tramas\/\" target=\"_blank\" rel=\"noreferrer noopener\">Tramas+<\/a> o <a href=\"https:\/\/www.diagonalmarcentre.es\/ca\/botigues\/pepco\/\" target=\"_blank\" rel=\"noreferrer noopener\">Pepco<\/a>.<div style=\"height:20px\" aria-hidden=\"true\" class=\"wp-block-spacer\"><\/div><h3 class=\"wp-block-heading\">Ad&eacute;u a l&rsquo;est&egrave;tica neutra, hola a la personalitzaci&oacute;<\/h3><div style=\"height:20px\" aria-hidden=\"true\" class=\"wp-block-spacer\"><\/div><div class=\"wp-block-image\">\n<figure class=\"aligncenter size-full\"><img fetchpriority=\"high\" decoding=\"async\" width=\"800\" height=\"670\" src=\"https:\/\/www.diagonalmarcentre.es\/wp-content\/uploads\/2026\/03\/tendencias-de-decoracion-2026-1.jpg\" alt=\"piezas artesanales tendencias 2026\" class=\"wp-image-90411\" srcset=\"https:\/\/www.diagonalmarcentre.es\/wp-content\/uploads\/2026\/03\/tendencias-de-decoracion-2026-1.jpg 800w, https:\/\/www.diagonalmarcentre.es\/wp-content\/uploads\/2026\/03\/tendencias-de-decoracion-2026-1-248x208.jpg 248w, https:\/\/www.diagonalmarcentre.es\/wp-content\/uploads\/2026\/03\/tendencias-de-decoracion-2026-1-768x643.jpg 768w, https:\/\/www.diagonalmarcentre.es\/wp-content\/uploads\/2026\/03\/tendencias-de-decoracion-2026-1-152x127.jpg 152w, https:\/\/www.diagonalmarcentre.es\/wp-content\/uploads\/2026\/03\/tendencias-de-decoracion-2026-1-610x511.jpg 610w, https:\/\/www.diagonalmarcentre.es\/wp-content\/uploads\/2026\/03\/tendencias-de-decoracion-2026-1-121x101.jpg 121w\" sizes=\"(max-width: 800px) 100vw, 800px\" title=\"piezas artesanales tendencias 2026\"><\/figure>\n<\/div><div style=\"height:20px\" aria-hidden=\"true\" class=\"wp-block-spacer\"><\/div><p>Els experts en interiorisme semblen estar d&rsquo;acord: l&rsquo;est&egrave;tica amable per&ograve; insulsa del blanc o del beix perdr&agrave; protagonisme en relaci&oacute; amb <strong>propostes m&eacute;s valentes, arriscades i complexes, carregades de personalitat<\/strong>.<\/p><p>Diversos experts confirmen a la revista AD algunes pistes de la temporada: combinaci&oacute; de materials freds i c&agrave;lids, amor per les peces artesanals o la import&agrave;ncia de la llum com a element narratiu.<\/p><div style=\"height:20px\" aria-hidden=\"true\" class=\"wp-block-spacer\"><\/div><h3 class=\"wp-block-heading\">Brillen els estils maximalista, vintage i org&agrave;nic<\/h3><div style=\"height:20px\" aria-hidden=\"true\" class=\"wp-block-spacer\"><\/div><p>En la recerca d&rsquo;espais vibrants i personalitzats, l&rsquo;estil n&ograve;rdic, sobri i minimalista es queda enrere: all&ograve; vuitanta, glamur&oacute;s, maximalista i vintage impregnar&agrave; el mobiliari, els dissenys, les peces i fins i tot els llums.<\/p><p>Des de <a href=\"https:\/\/www.livitum.com\/ideas-decoracion\/tendencias\/15-tendencias-de-decoracion-que-veremos-en-2026-977\" target=\"_blank\" rel=\"noreferrer noopener\">Livitum<\/a> destaquen que el 2026 ser&agrave; l&rsquo;any de la recerca d&rsquo;un &ldquo;interiorisme sensorial&rdquo;, on les cases siguin un regal per als sentits, un espai de descans amb textures, materials org&agrave;nics, llums agradables i teixits naturals.<\/p><div style=\"height:20px\" aria-hidden=\"true\" class=\"wp-block-spacer\"><\/div><h3 class=\"wp-block-heading\">L&rsquo;era de les cuines obertes<\/h3><div style=\"height:20px\" aria-hidden=\"true\" class=\"wp-block-spacer\"><\/div><p><strong>Les cuines tornen a ser el cor de la casa<\/strong>, els llocs de reuni&oacute;, el joc, la xerrada, l&rsquo;experimentaci&oacute; i el gaudi. &Eacute;s una altra de les grans tend&egrave;ncies, cercant l&rsquo;amplitud visual, l&rsquo;harmonia i la llum. Acabats mat, parets de vidre amb arcs met&agrave;l&middot;lics o de fusta, est&egrave;tica neta i armaris sense frontal no han parat de guanyar popularitat, tal com <a href=\"https:\/\/www.revistainteriores.es\/tendencias\/tendencias-2025_10666\" target=\"_blank\" rel=\"noreferrer noopener\">subratllen<\/a> des de la revista Interiores.<\/p><div style=\"height:20px\" aria-hidden=\"true\" class=\"wp-block-spacer\"><\/div><h3 class=\"wp-block-heading\">Objectes d&rsquo;autor i col&middot;leccionisme dom&egrave;stic<\/h3><div style=\"height:20px\" aria-hidden=\"true\" class=\"wp-block-spacer\"><\/div><p>Una altra tend&egrave;ncia de decoraci&oacute; en estat de gr&agrave;cia el 2026 -que es podria enquadrar dins el minimalisme c&agrave;lid- &eacute;s <strong>invertir en peces atemporals i mobiliari de disseny<\/strong>, amb gran protagonisme dels acabats mat, les fustes sense tractar o la cer&agrave;mica artesanal.<\/p><p>A m&eacute;s, <strong>els mobles s&rsquo;acomiaden de la rigidesa<\/strong>: corbes suaus, dissenys i peces que semblen escultures ompliran les llars, concebudes com a santuaris de benestar, desconnexi&oacute; i pau.<\/p><p>No cal que et gastis gaires diners: <strong>el viratge &eacute;s cap a la personalitzaci&oacute;<\/strong>. Que casa teva expliqui una hist&ograve;ria -la teva hist&ograve;ria-, que els objectes tinguin passat i deixin p&ograve;sit, i que all&ograve; funcional no estigui renyit amb all&ograve; artesanal. Moltes llars es rendeixen a l&rsquo;<strong>est&egrave;tica Y2K<\/strong>, que reviu la moda i la cultura pop de finals dels 90 i principis dels 2000.<\/p><div style=\"height:20px\" aria-hidden=\"true\" class=\"wp-block-spacer\"><\/div><h3 class=\"wp-block-heading\">Verds profunds i terra humida, els tons de la temporada<\/h3><div style=\"height:20px\" aria-hidden=\"true\" class=\"wp-block-spacer\"><\/div><div class=\"wp-block-image\">\n<figure class=\"aligncenter size-full\"><img decoding=\"async\" width=\"800\" height=\"670\" src=\"https:\/\/www.diagonalmarcentre.es\/wp-content\/uploads\/2026\/03\/tendencias-de-decoracion-2026-2.jpg\" alt=\"interiorismo sensorial tendencias decoracion 2026\" class=\"wp-image-90414\" srcset=\"https:\/\/www.diagonalmarcentre.es\/wp-content\/uploads\/2026\/03\/tendencias-de-decoracion-2026-2.jpg 800w, https:\/\/www.diagonalmarcentre.es\/wp-content\/uploads\/2026\/03\/tendencias-de-decoracion-2026-2-248x208.jpg 248w, https:\/\/www.diagonalmarcentre.es\/wp-content\/uploads\/2026\/03\/tendencias-de-decoracion-2026-2-768x643.jpg 768w, https:\/\/www.diagonalmarcentre.es\/wp-content\/uploads\/2026\/03\/tendencias-de-decoracion-2026-2-152x127.jpg 152w, https:\/\/www.diagonalmarcentre.es\/wp-content\/uploads\/2026\/03\/tendencias-de-decoracion-2026-2-610x511.jpg 610w, https:\/\/www.diagonalmarcentre.es\/wp-content\/uploads\/2026\/03\/tendencias-de-decoracion-2026-2-121x101.jpg 121w\" sizes=\"(max-width: 800px) 100vw, 800px\" title=\"interiorismo sensorial tendencias decoracion 2026\"><\/figure>\n<\/div><div style=\"height:20px\" aria-hidden=\"true\" class=\"wp-block-spacer\"><\/div><p>Les tonalitats fredes i racionals deixen pas a una <strong>era de colors org&agrave;nics, c&agrave;lids i associats a la natura<\/strong>. Aquest 2026 <a href=\"https:\/\/www.idealista.com\/news\/inmobiliario\/vivienda\/2026\/01\/14\/879132-estas-son-las-tendencias-en-decoracion-de-interiores-para-2026?utm_source=chatgpt.com\" target=\"_blank\" rel=\"noreferrer noopener\">brilla<\/a> el que s&rsquo;anomena la paleta emocional. Destaquen especialment diferents tipus de verd -com el bosc, la molsa o l&rsquo;oliva-, i les tonalitats terra, aix&iacute; com el groc torrat i el color vi. A <em>Vogue<\/em> tamb&eacute; <a href=\"https:\/\/www.vogue.es\/articulos\/tendencias-decoracion-colores-interiores-2026\" target=\"_blank\" rel=\"noreferrer noopener\">destaquen<\/a> l&rsquo;&iacute;ndig suau, la pruna i el cacau.<\/p><p>Si els teus gustos s&rsquo;inclinen cap als colors m&eacute;s neutres, aposta pels ocres suaus, el gris pedra o el lli i la sorra.<\/p><div style=\"height:20px\" aria-hidden=\"true\" class=\"wp-block-spacer\"><\/div><h3 class=\"wp-block-heading\">Disseny biof&iacute;lic<\/h3><div style=\"height:20px\" aria-hidden=\"true\" class=\"wp-block-spacer\"><\/div><p>El 2026, tal com <a href=\"https:\/\/trendshome.es\/blog\/218_las-7-tendencias-de-diseno-de-interiores-2026.html?srsltid=AfmBOooi4r0FpB_9ykAAU0WARRfhIhgAikL6eZyvUij7A2i_rIZZkNhW\" target=\"_blank\" rel=\"noreferrer noopener\">confirma<\/a> el bloc de <em>Trends Home<\/em>, les llars buscaran connectar interior i exterior, amb espais clars, <strong>materials vius<\/strong> com el v&iacute;met, la fusta sense tractar, la pedra o el marbre, i un intens protagonisme de la <strong>llum natural<\/strong>.<\/p><p>Podrem veure des de prestatgeries que simulen branques a taules irregulars o sinuoses amb vetes, butaques que abracen el cos, parets revestides de fusta o testos integrats al mobiliari. Les plantes continuaran sent les reines de la casa i encarregades que seguim connectats a la Terra.<\/p><div style=\"height:40px\" aria-hidden=\"true\" class=\"wp-block-spacer\"><\/div><\/p>\n","protected":false},"excerpt":{"rendered":"<p>Est\u00e0s pensant a redecorar casa teva? Vols con\u00e8ixer les tend\u00e8ncies de decoraci\u00f3 2026 perqu\u00e8 la teva llar estigui a l&#8217;\u00faltima activitat? A Diagonal Mar t&#8217;expliquem quins s\u00f3n els colors, estampats, estils i tend\u00e8ncies de la temporada i posem a la teva disposici\u00f3 els nostres experts de botigues com Tramas+ o Pepco. Ad\u00e9u a l&#8217;est\u00e8tica neutra, [&hellip;]<\/p>\n","protected":false},"featured_media":90409,"template":"","class_list":["post-90441","blog","type-blog","status-publish","has-post-thumbnail","hentry","categorias_blog-ideas"],"publishpress_future_workflow_manual_trigger":{"enabledWorkflows":[]},"_links":{"self":[{"href":"https:\/\/www.diagonalmarcentre.es\/ca\/wp-json\/wp\/v2\/blog\/90441","targetHints":{"allow":["GET"]}}],"collection":[{"href":"https:\/\/www.diagonalmarcentre.es\/ca\/wp-json\/wp\/v2\/blog"}],"about":[{"href":"https:\/\/www.diagonalmarcentre.es\/ca\/wp-json\/wp\/v2\/types\/blog"}],"wp:featuredmedia":[{"embeddable":true,"href":"https:\/\/www.diagonalmarcentre.es\/ca\/wp-json\/wp\/v2\/media\/90409"}],"wp:attachment":[{"href":"https:\/\/www.diagonalmarcentre.es\/ca\/wp-json\/wp\/v2\/media?parent=90441"}],"curies":[{"name":"wp","href":"https:\/\/api.w.org\/{rel}","templated":true}]}}