{"id":82996,"date":"2024-08-21T17:49:46","date_gmt":"2024-08-21T15:49:46","guid":{"rendered":"https:\/\/www.diagonalmarcentre.es\/?post_type=blog&#038;p=82996"},"modified":"2024-09-05T01:49:25","modified_gmt":"2024-09-04T23:49:25","slug":"consells-per-protegir-la-pell-del-sol-i-la-calor","status":"publish","type":"blog","link":"https:\/\/www.diagonalmarcentre.es\/ca\/blog\/consells-per-protegir-la-pell-del-sol-i-la-calor\/","title":{"rendered":"Consells per protegir la pell del sol i la calor"},"content":{"rendered":"<p>L&rsquo;estiu &eacute;s l&rsquo;&egrave;poca preferida dels qui adoren el mar i la platja, la piscina i els passejos o les excursions per la naturalesa, per&ograve; a m&eacute;s d&rsquo;hidratar-se adequadament, una pauta essencial &eacute;s saber <strong>com protegir la teva pell del sol i de la calor<\/strong>.<p>L&rsquo;exposici&oacute; al sol sense protecci&oacute; fa que les<strong> radiacions ultraviolades<\/strong> causin danys en els ulls -com a lesions en la retina-, l&rsquo;envelliment prematur de la pell o un major risc de c&agrave;ncers cutanis com el carcinoma i el melanoma. Cal recordar que els casos de c&agrave;ncer de pell creixen a un ritme del 10 % anual, amb una xifra actual d&rsquo;uns <strong>20 000 casos nous de c&agrave;ncer no melanoma anuals.<\/strong><\/p><p>At&egrave;s que la pell t&eacute; mem&ograve;ria, tal com recorda Cristina Cavero, resident de Medicina Preventiva i Salut P&uacute;blica i volunt&agrave;ria per la ci&egrave;ncia en l&rsquo;Associaci&oacute; Espanyola Contra el C&agrave;ncer de Madrid. Per aix&ograve;, &eacute;s fonamental la <strong>protecci&oacute; solar des de la inf&agrave;ncia<\/strong>, refor&ccedil;ant-la en etapes sensibles com l&rsquo;embar&agrave;s.<\/p><p>L&rsquo;Associaci&oacute; Espanyola Contra el C&agrave;ncer <a href=\"https:\/\/blog.contraelcancer.es\/proteccion-frente-al-sol\/\" target=\"_blank\" rel=\"noreferrer noopener\">proporciona<\/a> una s&egrave;rie de valuosos consells que pots posar en pr&agrave;ctica <strong>per a cuidar la teva pell<\/strong>. Recorda que, amb protecci&oacute;, <strong>el sol t&eacute; grans beneficis<\/strong>, com la producci&oacute; de vitamina D, la millora de l&rsquo;estat d&rsquo;&agrave;nim -segreguem m&eacute;s hormones de la felicitat- o una &ograve;ptima qualitat del somni.<\/p><div style=\"height:20px\" aria-hidden=\"true\" class=\"wp-block-spacer\"><\/div><h3 class=\"wp-block-heading\"><strong>Consells per a protegir la teva pell del sol i de la calor<\/strong><\/h3><div style=\"height:20px\" aria-hidden=\"true\" class=\"wp-block-spacer\"><\/div><div class=\"wp-block-image\">\n<figure class=\"aligncenter size-full\"><img fetchpriority=\"high\" decoding=\"async\" width=\"800\" height=\"670\" src=\"https:\/\/www.diagonalmarcentre.es\/wp-content\/uploads\/2024\/08\/Consejos-para-proteger-tu-piel-del-sol-y-el-calor2.jpg\" alt=\"\" class=\"wp-image-82880\" srcset=\"https:\/\/www.diagonalmarcentre.es\/wp-content\/uploads\/2024\/08\/Consejos-para-proteger-tu-piel-del-sol-y-el-calor2.jpg 800w, https:\/\/www.diagonalmarcentre.es\/wp-content\/uploads\/2024\/08\/Consejos-para-proteger-tu-piel-del-sol-y-el-calor2-248x208.jpg 248w, https:\/\/www.diagonalmarcentre.es\/wp-content\/uploads\/2024\/08\/Consejos-para-proteger-tu-piel-del-sol-y-el-calor2-768x643.jpg 768w, https:\/\/www.diagonalmarcentre.es\/wp-content\/uploads\/2024\/08\/Consejos-para-proteger-tu-piel-del-sol-y-el-calor2-152x127.jpg 152w, https:\/\/www.diagonalmarcentre.es\/wp-content\/uploads\/2024\/08\/Consejos-para-proteger-tu-piel-del-sol-y-el-calor2-610x511.jpg 610w, https:\/\/www.diagonalmarcentre.es\/wp-content\/uploads\/2024\/08\/Consejos-para-proteger-tu-piel-del-sol-y-el-calor2-121x101.jpg 121w\" sizes=\"(max-width: 800px) 100vw, 800px\"><\/figure>\n<\/div><div style=\"height:20px\" aria-hidden=\"true\" class=\"wp-block-spacer\"><\/div><p>Recorda que has de<strong> protegir-te igualment en els dies ennuvolats<\/strong>. Pren nota de les seg&uuml;ents recomanacions:<\/p><ul class=\"wp-block-list\">\n<li><strong>Roman a l&rsquo;ombra i en llocs frescos en les hores pic de calor<\/strong>, que coincideixen amb les de major radiaci&oacute; solar.<br><\/li>\n\n\n\n<li>Utilitza <strong>gorra, samarreta, ulleres de sol i para-sol <\/strong>si estar&agrave;s a aquestes hores a la platja.<br><\/li>\n\n\n\n<li><strong>Evita el sol&agrave;rium o llits bronzejadors de llums UVA<\/strong> perqu&egrave; perjudiquen la pell i els ulls.<br><\/li>\n\n\n\n<li><strong>Utilitza protecci&oacute; solar de qualitat tant a l&rsquo;estiu com a l&rsquo;hivern<\/strong> quan t&rsquo;exposis al sol. Pots trobar-la a les botigues de cosm&egrave;tica, salut i bellesa de Diagonal Mar com <a href=\"https:\/\/www.diagonalmarcentre.es\/ca\/botigues\/sephora\/\" target=\"_blank\" rel=\"noreferrer noopener\">Sephora<\/a>, <a href=\"https:\/\/www.diagonalmarcentre.es\/ca\/botigues\/flormar\/\" target=\"_blank\" rel=\"noreferrer noopener\">Flormar<\/a>, <a href=\"https:\/\/www.diagonalmarcentre.es\/ca\/botigues\/primor\/\" target=\"_blank\" rel=\"noreferrer noopener\">Primor<\/a>, o <a href=\"https:\/\/www.diagonalmarcentre.es\/ca\/botigues\/druni\/\" target=\"_blank\" rel=\"noreferrer noopener\">Druni<\/a>.<br><\/li>\n\n\n\n<li><strong>La crema solar ha d&rsquo;estar adequada al teu fototip<\/strong> -la capacitat relativa a com s&rsquo;adapta cada pell al sol i en quin grau ho fa -i contenir filtres que protegeixin dels raigs UVA i UVB.<br><\/li>\n\n\n\n<li><strong>Aplica la crema per al sol amb la pell seca<\/strong> i abans d&rsquo;exposar-te al sol. S&rsquo;aconsella tornar-te&rsquo;n a posar despr&eacute;s de cada bany prolongat -m&eacute;s de 20 minuts- o si sues molt, i tamb&eacute; cada dues o tres hores.<br><\/li>\n\n\n\n<li>No escatimis en quantitat: <strong>la crema ha de cobrir tota la teva superf&iacute;cie corporal, sense oblidar-te de zones delicades i sensibles<\/strong> que se solen oblidar, com les orelles, les plantes dels peus, la coroneta o cuir cabellut, o les parpelles.<br><\/li>\n\n\n\n<li><strong>Hidrata&rsquo;t adequadament<\/strong>, incrementant el consum d&rsquo;aigua, fruita i l&iacute;quids en els dies de m&eacute;s calor. La pell hidratada protegeix enfront dels raigs solars.<\/li>\n<\/ul><div style=\"height:20px\" aria-hidden=\"true\" class=\"wp-block-spacer\"><\/div><h3 class=\"wp-block-heading\">L&rsquo;ABC contra les cremades solares<\/h3><div style=\"height:20px\" aria-hidden=\"true\" class=\"wp-block-spacer\"><\/div><figure class=\"wp-block-image size-full\"><img decoding=\"async\" width=\"800\" height=\"670\" src=\"https:\/\/www.diagonalmarcentre.es\/wp-content\/uploads\/2024\/08\/Consejos-para-proteger-tu-piel-del-sol-y-el-calor3.jpg\" alt=\"\" class=\"wp-image-82883\" srcset=\"https:\/\/www.diagonalmarcentre.es\/wp-content\/uploads\/2024\/08\/Consejos-para-proteger-tu-piel-del-sol-y-el-calor3.jpg 800w, https:\/\/www.diagonalmarcentre.es\/wp-content\/uploads\/2024\/08\/Consejos-para-proteger-tu-piel-del-sol-y-el-calor3-248x208.jpg 248w, https:\/\/www.diagonalmarcentre.es\/wp-content\/uploads\/2024\/08\/Consejos-para-proteger-tu-piel-del-sol-y-el-calor3-768x643.jpg 768w, https:\/\/www.diagonalmarcentre.es\/wp-content\/uploads\/2024\/08\/Consejos-para-proteger-tu-piel-del-sol-y-el-calor3-152x127.jpg 152w, https:\/\/www.diagonalmarcentre.es\/wp-content\/uploads\/2024\/08\/Consejos-para-proteger-tu-piel-del-sol-y-el-calor3-610x511.jpg 610w, https:\/\/www.diagonalmarcentre.es\/wp-content\/uploads\/2024\/08\/Consejos-para-proteger-tu-piel-del-sol-y-el-calor3-121x101.jpg 121w\" sizes=\"(max-width: 800px) 100vw, 800px\"><\/figure><div style=\"height:20px\" aria-hidden=\"true\" class=\"wp-block-spacer\"><\/div><p>Per als nens de la casa, practica l&rsquo;ABC contra les cremades solars que <a href=\"https:\/\/www.cigna.com\/es-us\/knowledge-center\/hw\/cmo-proteger-la-piel-del-sol-tv6658spec\" target=\"_blank\" rel=\"noopener\">expli<\/a><a href=\"https:\/\/www.cigna.com\/es-us\/knowledge-center\/hw\/cmo-proteger-la-piel-del-sol-tv6658spec\" target=\"_blank\" rel=\"noreferrer noopener\">q<\/a><a href=\"https:\/\/www.cigna.com\/es-us\/knowledge-center\/hw\/cmo-proteger-la-piel-del-sol-tv6658spec\" target=\"_blank\" rel=\"noopener\">uen<\/a> des de CIGNA, especialment important per als nens. Aquest consisteix en:<\/p><ul class=\"wp-block-list\">\n<li><strong>A = Allunyar-se<\/strong>. Mantenir-se allunyat del sol tant com pugui entre les 10 del mat&iacute; i les 4 de la tarda, recorrent a l&rsquo;ombra en els pics d&rsquo;insolaci&oacute;.<br><\/li>\n\n\n\n<li><strong>B = Bloquejar<\/strong>. S&rsquo;aconsella un factor de protecci&oacute; solar (SPF, per les seves sigles en angl&egrave;s) de 30 o m&eacute;s per a protegir la pell dels beb&egrave;s i els nens, m&eacute;s delicada que la dels adults.<br><\/li>\n\n\n\n<li><strong>C = Cobrir-se<\/strong>. S&rsquo;aconsella vestir els nens amb peces lleugeres i folgades que cobreixin la pell, barrets d&rsquo;ala ampla i ulleres de sol amb protecci&oacute; UV.<br><\/li>\n<\/ul><p>Protegint la teva pell, recorda que el sol &eacute;s summament benefici&oacute;s.<br><\/p><div style=\"height:20px\" aria-hidden=\"true\" class=\"wp-block-spacer\"><\/div><\/p>\n","protected":false},"excerpt":{"rendered":"<p>L&#8217;estiu \u00e9s l&#8217;\u00e8poca preferida dels qui adoren el mar i la platja, la piscina i els passejos o les excursions per la naturalesa, per\u00f2 a m\u00e9s d&#8217;hidratar-se adequadament, una pauta essencial \u00e9s saber com protegir la teva pell del sol i de la calor. L&#8217;exposici\u00f3 al sol sense protecci\u00f3 fa que les radiacions ultraviolades causin [&hellip;]<\/p>\n","protected":false},"featured_media":82805,"template":"","class_list":["post-82996","blog","type-blog","status-publish","has-post-thumbnail","hentry"],"publishpress_future_workflow_manual_trigger":{"enabledWorkflows":[]},"_links":{"self":[{"href":"https:\/\/www.diagonalmarcentre.es\/ca\/wp-json\/wp\/v2\/blog\/82996","targetHints":{"allow":["GET"]}}],"collection":[{"href":"https:\/\/www.diagonalmarcentre.es\/ca\/wp-json\/wp\/v2\/blog"}],"about":[{"href":"https:\/\/www.diagonalmarcentre.es\/ca\/wp-json\/wp\/v2\/types\/blog"}],"wp:featuredmedia":[{"embeddable":true,"href":"https:\/\/www.diagonalmarcentre.es\/ca\/wp-json\/wp\/v2\/media\/82805"}],"wp:attachment":[{"href":"https:\/\/www.diagonalmarcentre.es\/ca\/wp-json\/wp\/v2\/media?parent=82996"}],"curies":[{"name":"wp","href":"https:\/\/api.w.org\/{rel}","templated":true}]}}