{"id":80126,"date":"2023-11-24T01:54:50","date_gmt":"2023-11-24T00:54:50","guid":{"rendered":"https:\/\/www.diagonalmarcentre.es\/?post_type=blog&#038;p=80126"},"modified":"2024-02-01T02:16:50","modified_gmt":"2024-02-01T01:16:50","slug":"tendencies-moda-sostenible-en-barcelona","status":"publish","type":"blog","link":"https:\/\/www.diagonalmarcentre.es\/ca\/blog\/tendencies-moda-sostenible-en-barcelona\/","title":{"rendered":"Tend\u00e8ncies de moda sostenible per al novembre a Barcelona: imprescindibles amb consci\u00e8ncia"},"content":{"rendered":"<div style=\"height:20px\" aria-hidden=\"true\" class=\"wp-block-spacer\"><p>Avui dia resulta m&eacute;s important que mai <strong>transformar la ind&uacute;stria de la moda perqu&egrave; aquesta sigui m&eacute;s &egrave;tica, ecol&ograve;gica i lliure<\/strong>. L&rsquo;economia circular, la reducci&oacute; del consum, els nous materials o el reciclatge t&egrave;xtil s&oacute;n algunes de les claus per a reduir la petjada ambiental d&rsquo;aquest sector.<\/p><div style=\"height:10px\" aria-hidden=\"true\" class=\"wp-block-spacer\"><\/div><div class=\"wp-block-image\">\n<figure class=\"aligncenter size-full is-resized\"><img fetchpriority=\"high\" decoding=\"async\" width=\"1000\" height=\"667\" src=\"https:\/\/www.diagonalmarcentre.es\/wp-content\/uploads\/2023\/11\/moda-sostenible-barcelona1.jpg\" alt=\"Moda sostenible en Barcelona\" class=\"wp-image-80011\" style=\"width:635px;height:auto\" srcset=\"https:\/\/www.diagonalmarcentre.es\/wp-content\/uploads\/2023\/11\/moda-sostenible-barcelona1.jpg 1000w, https:\/\/www.diagonalmarcentre.es\/wp-content\/uploads\/2023\/11\/moda-sostenible-barcelona1-312x208.jpg 312w, https:\/\/www.diagonalmarcentre.es\/wp-content\/uploads\/2023\/11\/moda-sostenible-barcelona1-768x512.jpg 768w, https:\/\/www.diagonalmarcentre.es\/wp-content\/uploads\/2023\/11\/moda-sostenible-barcelona1-188x125.jpg 188w, https:\/\/www.diagonalmarcentre.es\/wp-content\/uploads\/2023\/11\/moda-sostenible-barcelona1-610x407.jpg 610w, https:\/\/www.diagonalmarcentre.es\/wp-content\/uploads\/2023\/11\/moda-sostenible-barcelona1-150x101.jpg 150w\" sizes=\"(max-width: 1000px) 100vw, 1000px\" title=\"Moda sostenible en Barcelona\"><\/figure>\n<\/div><div style=\"height:20px\" aria-hidden=\"true\" class=\"wp-block-spacer\"><\/div><p>La presa de consci&egrave;ncia &eacute;s fonamental: segons una an&agrave;lisi duta a terme per Weight Watchers al Regne Unit, <strong>el 55 % de les peces d&rsquo;una dona i el 47 % de les d&rsquo;un home mai surten de l&rsquo;armari<\/strong>. Actualment, <strong>cada pe&ccedil;a s&rsquo;usa de mitjana unes 3 vegades<\/strong>, la qual cosa implica un 400 % m&eacute;s d&rsquo;emissions de gasos d&rsquo;efecte d&rsquo;hivernacle que una que s&rsquo;utilitzi 50 vegades.<\/p><p>Al seu torn, <strong>duplicar la vida &uacute;til de cada pe&ccedil;a implicaria una reducci&oacute; d&rsquo;un 44 % dels gasos contaminants <\/strong>del sector de la moda. Si afegissis nou mesos d&rsquo;&uacute;s actiu d&rsquo;una pe&ccedil;a de roba, la petjada de residus, aigua i carboni es reduiria entre un 20 % i un 30 %, atenent dades <a href=\"https:\/\/blog.co2mpensamos.com\/post\/huella-carbono-industria-moda\" target=\"_blank\" rel=\"noreferrer noopener\">proporcionades<\/a> pel blog Compensamos.<\/p><p>Tamb&eacute; &eacute;s important la <strong>reutilitzaci&oacute;<\/strong>: l&rsquo;Institut de Recerca T&egrave;xtil i Cooperaci&oacute; Industrial de Terrassa (INTEXTER) ha calculat que <strong>si les vendes de la roba de segona m&agrave; pugessin un 10 %, hi hauria una baixada del 3 % d&rsquo;emissions de carboni i un 4 % d&rsquo;estalvi d&rsquo;aigua<\/strong>.<\/p><p>Si este tema te preocupa y te interesa, seguramente quieras saber cu&aacute;les son las<strong> principales tendencias de moda sostenible <\/strong>para noviembre en Barcelona: qu&eacute; eventos son referencia o cu&aacute;les son los b&aacute;sicos.<\/p><p>En la web Moda Sostenible Barcelona pots <a href=\"https:\/\/www.modasosteniblebcn.org\/marcas\/\" target=\"_blank\" rel=\"noreferrer noopener\">trobar<\/a> tota classe de recursos, informaci&oacute; sobre esdeveniments, not&iacute;cies i un <a href=\"https:\/\/www.modasosteniblebcn.org\/marcas\/\" target=\"_blank\" rel=\"noreferrer noopener\">directori<\/a> molt complet de marques sostenibles i ecol&ograve;giques que donen suport a una ind&uacute;stria de la moda amb m&eacute;s consci&egrave;ncia.<\/p><div style=\"height:10px\" aria-hidden=\"true\" class=\"wp-block-spacer\"><\/div><center><blockquote class=\"instagram-media\" data-instgrm-permalink=\"https:\/\/www.instagram.com\/p\/C0ByEqvqhSZ\/?utm_source=ig_embed&amp;utm_campaign=loading\" data-instgrm-version=\"14\" style=\" background:#FFF; border:0; border-radius:3px; box-shadow:0 0 1px 0 rgba(0,0,0,0.5),0 1px 10px 0 rgba(0,0,0,0.15); margin: 1px; max-width:540px; min-width:326px; padding:0; width:99.375%; width:-webkit-calc(100% - 2px); width:calc(100% - 2px);\"><div style=\"padding:16px;\"> <a href=\"https:\/\/www.instagram.com\/p\/C0ByEqvqhSZ\/?utm_source=ig_embed&amp;utm_campaign=loading\" style=\" background:#FFFFFF; line-height:0; padding:0 0; text-align:center; text-decoration:none; width:100%;\" target=\"_blank\" rel=\"noopener\"> <div style=\" display: flex; flex-direction: row; align-items: center;\"> <div style=\"background-color: #F4F4F4; border-radius: 50%; flex-grow: 0; height: 40px; margin-right: 14px; width: 40px;\"><\/div> <div style=\"display: flex; flex-direction: column; flex-grow: 1; justify-content: center;\"> <div style=\" background-color: #F4F4F4; border-radius: 4px; flex-grow: 0; height: 14px; margin-bottom: 6px; width: 100px;\"><\/div> <div style=\" background-color: #F4F4F4; border-radius: 4px; flex-grow: 0; height: 14px; width: 60px;\"><\/div><\/div><\/div><div style=\"padding: 19% 0;\"><\/div> <div style=\"display:block; height:50px; margin:0 auto 12px; width:50px;\"><svg width=\"50px\" height=\"50px\" viewbox=\"0 0 60 60\" version=\"1.1\" xmlns=\"https:\/\/www.w3.org\/2000\/svg\" xmlns:xlink=\"https:\/\/www.w3.org\/1999\/xlink\"><g stroke=\"none\" stroke-width=\"1\" fill=\"none\" fill-rule=\"evenodd\"><g transform=\"translate(-511.000000, -20.000000)\" fill=\"#000000\"><g><path d=\"M556.869,30.41 C554.814,30.41 553.148,32.076 553.148,34.131 C553.148,36.186 554.814,37.852 556.869,37.852 C558.924,37.852 560.59,36.186 560.59,34.131 C560.59,32.076 558.924,30.41 556.869,30.41 M541,60.657 C535.114,60.657 530.342,55.887 530.342,50 C530.342,44.114 535.114,39.342 541,39.342 C546.887,39.342 551.658,44.114 551.658,50 C551.658,55.887 546.887,60.657 541,60.657 M541,33.886 C532.1,33.886 524.886,41.1 524.886,50 C524.886,58.899 532.1,66.113 541,66.113 C549.9,66.113 557.115,58.899 557.115,50 C557.115,41.1 549.9,33.886 541,33.886 M565.378,62.101 C565.244,65.022 564.756,66.606 564.346,67.663 C563.803,69.06 563.154,70.057 562.106,71.106 C561.058,72.155 560.06,72.803 558.662,73.347 C557.607,73.757 556.021,74.244 553.102,74.378 C549.944,74.521 548.997,74.552 541,74.552 C533.003,74.552 532.056,74.521 528.898,74.378 C525.979,74.244 524.393,73.757 523.338,73.347 C521.94,72.803 520.942,72.155 519.894,71.106 C518.846,70.057 518.197,69.06 517.654,67.663 C517.244,66.606 516.755,65.022 516.623,62.101 C516.479,58.943 516.448,57.996 516.448,50 C516.448,42.003 516.479,41.056 516.623,37.899 C516.755,34.978 517.244,33.391 517.654,32.338 C518.197,30.938 518.846,29.942 519.894,28.894 C520.942,27.846 521.94,27.196 523.338,26.654 C524.393,26.244 525.979,25.756 528.898,25.623 C532.057,25.479 533.004,25.448 541,25.448 C548.997,25.448 549.943,25.479 553.102,25.623 C556.021,25.756 557.607,26.244 558.662,26.654 C560.06,27.196 561.058,27.846 562.106,28.894 C563.154,29.942 563.803,30.938 564.346,32.338 C564.756,33.391 565.244,34.978 565.378,37.899 C565.522,41.056 565.552,42.003 565.552,50 C565.552,57.996 565.522,58.943 565.378,62.101 M570.82,37.631 C570.674,34.438 570.167,32.258 569.425,30.349 C568.659,28.377 567.633,26.702 565.965,25.035 C564.297,23.368 562.623,22.342 560.652,21.575 C558.743,20.834 556.562,20.326 553.369,20.18 C550.169,20.033 549.148,20 541,20 C532.853,20 531.831,20.033 528.631,20.18 C525.438,20.326 523.257,20.834 521.349,21.575 C519.376,22.342 517.703,23.368 516.035,25.035 C514.368,26.702 513.342,28.377 512.574,30.349 C511.834,32.258 511.326,34.438 511.181,37.631 C511.035,40.831 511,41.851 511,50 C511,58.147 511.035,59.17 511.181,62.369 C511.326,65.562 511.834,67.743 512.574,69.651 C513.342,71.625 514.368,73.296 516.035,74.965 C517.703,76.634 519.376,77.658 521.349,78.425 C523.257,79.167 525.438,79.673 528.631,79.82 C531.831,79.965 532.853,80.001 541,80.001 C549.148,80.001 550.169,79.965 553.369,79.82 C556.562,79.673 558.743,79.167 560.652,78.425 C562.623,77.658 564.297,76.634 565.965,74.965 C567.633,73.296 568.659,71.625 569.425,69.651 C570.167,67.743 570.674,65.562 570.82,62.369 C570.966,59.17 571,58.147 571,50 C571,41.851 570.966,40.831 570.82,37.631\"><\/path><\/g><\/g><\/g><\/svg><\/div><div style=\"padding-top: 8px;\"> <div style=\" color:#3897f0; font-family:Arial,sans-serif; font-size:14px; font-style:normal; font-weight:550; line-height:18px;\">Ver esta publicaci&oacute;n en Instagram<\/div><\/div><div style=\"padding: 12.5% 0;\"><\/div> <div style=\"display: flex; flex-direction: row; margin-bottom: 14px; align-items: center;\"><div> <div style=\"background-color: #F4F4F4; border-radius: 50%; height: 12.5px; width: 12.5px; transform: translateX(0px) translateY(7px);\"><\/div> <div style=\"background-color: #F4F4F4; height: 12.5px; transform: rotate(-45deg) translateX(3px) translateY(1px); width: 12.5px; flex-grow: 0; margin-right: 14px; margin-left: 2px;\"><\/div> <div style=\"background-color: #F4F4F4; border-radius: 50%; height: 12.5px; width: 12.5px; transform: translateX(9px) translateY(-18px);\"><\/div><\/div><div style=\"margin-left: 8px;\"> <div style=\" background-color: #F4F4F4; border-radius: 50%; flex-grow: 0; height: 20px; width: 20px;\"><\/div> <div style=\" width: 0; height: 0; border-top: 2px solid transparent; border-left: 6px solid #f4f4f4; border-bottom: 2px solid transparent; transform: translateX(16px) translateY(-4px) rotate(30deg)\"><\/div><\/div><div style=\"margin-left: auto;\"> <div style=\" width: 0px; border-top: 8px solid #F4F4F4; border-right: 8px solid transparent; transform: translateY(16px);\"><\/div> <div style=\" background-color: #F4F4F4; flex-grow: 0; height: 12px; width: 16px; transform: translateY(-4px);\"><\/div> <div style=\" width: 0; height: 0; border-top: 8px solid #F4F4F4; border-left: 8px solid transparent; transform: translateY(-4px) translateX(8px);\"><\/div><\/div><\/div> <div style=\"display: flex; flex-direction: column; flex-grow: 1; justify-content: center; margin-bottom: 24px;\"> <div style=\" background-color: #F4F4F4; border-radius: 4px; flex-grow: 0; height: 14px; margin-bottom: 6px; width: 224px;\"><\/div> <div style=\" background-color: #F4F4F4; border-radius: 4px; flex-grow: 0; height: 14px; width: 144px;\"><\/div><\/div><\/a><p style=\" color:#c9c8cd; font-family:Arial,sans-serif; font-size:14px; line-height:17px; margin-bottom:0; margin-top:8px; overflow:hidden; padding:8px 0 7px; text-align:center; text-overflow:ellipsis; white-space:nowrap;\"><a href=\"https:\/\/www.instagram.com\/p\/C0ByEqvqhSZ\/?utm_source=ig_embed&amp;utm_campaign=loading\" style=\" color:#c9c8cd; font-family:Arial,sans-serif; font-size:14px; font-style:normal; font-weight:normal; line-height:17px; text-decoration:none;\" target=\"_blank\" rel=\"noopener\">Una publicaci&oacute;n compartida de Moda Sostenible Barcelona &#9851;&#65039; (@modasosteniblebcn)<\/a><\/p><\/div><\/blockquote> <script async src=\"\/\/www.instagram.com\/embed.js\"><\/script><\/center><div style=\"height:20px\" aria-hidden=\"true\" class=\"wp-block-spacer\"><\/div><h3 class=\"wp-block-heading\">Alguns dels esdeveniments m&eacute;s destacats de novembre en moda sostenible a Barcelona s&oacute;n els seg&uuml;ents:<\/h3><div style=\"height:10px\" aria-hidden=\"true\" class=\"wp-block-spacer\"><\/div><p><strong>IX F&ograve;rum de Moda Sostenible FASHION FOR THE FUTURE<\/strong><\/p><p>El 15 i 16 de novembre aquest f&ograve;rum s&rsquo;emmarca en la celebraci&oacute; del 7th Mediterranean Textile F&ograve;rum de MedaWeek. Destaca la taula rodona &ldquo;Reptes i conseq&uuml;&egrave;ncies de l&rsquo;aplicaci&oacute; de l&rsquo;Estrat&egrave;gia Europea de T&egrave;xtils sostenibles i circulars&rdquo;, amb intervencions de les directores de Hemper, Girbau Lab, Recover o Blacktogrey.<\/p><p><strong>Museu T&egrave;xtil: xerrada &amp; SWAP<\/strong><\/p><p>En aquest esdeveniment totalment gratu&iuml;t podr&agrave;s gaudir d&rsquo;una xerrada el dia 19 de novembre impartida per Nathalia Garc&iacute;a experta en l&rsquo;art de l&rsquo;<em>upcycling <\/em>o suprareciclaje. Gr&agrave;cies a ella aprendr&agrave;s a reduir residus i aconseguir que la teva roba duri m&eacute;s. D&rsquo;altra banda, el 25 i 26 de novembre hi ha una nova edici&oacute; del SWAP. El primer dia podr&agrave;s renovar i intercanviar roba per a renovar el teu estil, i el diumenge, gaudir de les peces i accessoris nous que m&eacute;s t&rsquo;agradin.<\/p><div style=\"height:20px\" aria-hidden=\"true\" class=\"wp-block-spacer\"><\/div><p>A m&eacute;s, aquest novembre no t&rsquo;oblidis de comprar els millors <a href=\"https:\/\/www.diagonalmarcentre.es\/ca\/blog\/fons-darmari\/\" target=\"_blank\" rel=\"noreferrer noopener\">b&agrave;sics per al teu fons d&rsquo;armari<\/a> i peces de primera qualitat a les <a href=\"https:\/\/www.diagonalmarcentre.es\/ca\/botigues\/\" target=\"_blank\" rel=\"noreferrer noopener\">nostres botigues<\/a> de Diagonal Mar. Recorda que la roba duradora i els cl&agrave;ssics no s&oacute;n una despesa, sin&oacute; una inversi&oacute;, a m&eacute;s d&rsquo;una manera de reduir la teva petjada de carboni.<\/p><p><\/p><\/div>\n","protected":false},"excerpt":{"rendered":"<p>Avui dia resulta m\u00e9s important que mai transformar la ind\u00fastria de la moda perqu\u00e8 aquesta sigui m\u00e9s \u00e8tica, ecol\u00f2gica i lliure. L&#8217;economia circular, la reducci\u00f3 del consum, els nous materials o el reciclatge t\u00e8xtil s\u00f3n algunes de les claus per a reduir la petjada ambiental d&#8217;aquest sector. La presa de consci\u00e8ncia \u00e9s fonamental: segons una [&hellip;]<\/p>\n","protected":false},"featured_media":80124,"template":"","class_list":["post-80126","blog","type-blog","status-publish","has-post-thumbnail","hentry","categorias_blog-moda-ca","categorias_blog-idees-ca","categorias_blog-medi-ambient-ca"],"publishpress_future_workflow_manual_trigger":{"enabledWorkflows":[]},"_links":{"self":[{"href":"https:\/\/www.diagonalmarcentre.es\/ca\/wp-json\/wp\/v2\/blog\/80126","targetHints":{"allow":["GET"]}}],"collection":[{"href":"https:\/\/www.diagonalmarcentre.es\/ca\/wp-json\/wp\/v2\/blog"}],"about":[{"href":"https:\/\/www.diagonalmarcentre.es\/ca\/wp-json\/wp\/v2\/types\/blog"}],"wp:featuredmedia":[{"embeddable":true,"href":"https:\/\/www.diagonalmarcentre.es\/ca\/wp-json\/wp\/v2\/media\/80124"}],"wp:attachment":[{"href":"https:\/\/www.diagonalmarcentre.es\/ca\/wp-json\/wp\/v2\/media?parent=80126"}],"curies":[{"name":"wp","href":"https:\/\/api.w.org\/{rel}","templated":true}]}}