{"id":66255,"date":"2021-09-21T17:52:50","date_gmt":"2021-09-21T15:52:50","guid":{"rendered":"https:\/\/www.diagonalmarcentre.es\/?post_type=blog&#038;p=66255"},"modified":"2023-08-09T02:17:59","modified_gmt":"2023-08-09T00:17:59","slug":"la-merce","status":"publish","type":"blog","link":"https:\/\/www.diagonalmarcentre.es\/ca\/blog\/la-merce\/","title":{"rendered":"La Merc\u00e8: torna una de les festes m\u00e9s importants de l&#8217;any a Barcelona"},"content":{"rendered":"<div class=\"wpb-content-wrapper\">[vc_row][vc_column][vc_column_text]S&#8217;inicia el compte enrere per la <strong>Merc\u00e8 2021<\/strong>: queden pocs dies per una de les festes m\u00e9s importants de l&#8217;any a Barcelona.\r\n\r\nPer commemorar la patrona de Barcelona, <strong>aquests dies venen carregats de sorpreses, concerts i una completa programaci\u00f3 cultural<\/strong> en els espais p\u00fablics de la ciutat, on no faltaran les exposicions d&#8217;imatgeria festiva, els espectacles de foc o la tradicional sardana.[\/vc_column_text][\/vc_column][\/vc_row][vc_row][vc_column][vc_single_image image=&#8221;69775&#8243; img_size=&#8221;large&#8221; add_caption=&#8221;yes&#8221;][vc_column_text]\r\n<h2>Quan es celebrar\u00e0 la Merc\u00e8 2021?<\/h2>\r\n<strong>La Merc\u00e8 2021 tindr\u00e0 lloc del 23 al 26 de setembre<\/strong> per tal que els ciutadans gaudeixin amb la seva Festa Major. L&#8217;art, el circ, la dansa, el cinema o la m\u00fasica tornaran als carrers respectant totes les mesures de seguretat de la pand\u00e8mia.\r\n<h2>Quin \u00e9s l&#8217;origen de la Merc\u00e8?<\/h2>\r\nLa llegenda explica que la Verge es va apar\u00e8ixer al rei Jaume I, a Sant Pere Nolasc i a Sant Ramon de Penyafort el 24 de setembre de 1218 per demanar-los que creessin una legi\u00f3 de monjos dedicats a salvar cristians empresonats pels sarra\u00efns.\r\n\r\nAl cap d\u2019alguns segles, <strong>el 1687, Barcelona es va posar en mans de la Mare de D\u00e9u de la Merc\u00e8 davant l&#8217;aparici\u00f3 d&#8217;una plaga de llagostes.<\/strong> Quan aquesta va finalitzar, va ser nomenada patrona de la ciutat, decisi\u00f3 ratificada pel papa Pius IX dos anys m\u00e9s tard. Van ser els comen\u00e7aments de la festa major per excel\u00b7l\u00e8ncia, que cobraria especial import\u00e0ncia a partir de 1900 sota l&#8217;impuls de Francesc Camb\u00f3.\r\n\r\nAvui dia,<strong> la festivitat mant\u00e9 viva la rica i acolorida cultura popular catalana, i hi destaquen la sardana, els castells, els diables o les cercaviles,<\/strong> amb vocaci\u00f3 festiva i teatral.[\/vc_column_text][\/vc_column][\/vc_row][vc_row][vc_column][vc_single_image image=&#8221;69781&#8243; img_size=&#8221;large&#8221; add_caption=&#8221;yes&#8221;][vc_column_text]\r\n<h2>Esdeveniments destacats a prop de Diagonal Mar<\/h2>\r\nEn conjunt, la festivitat ofereix una rica celebraci\u00f3 de la cultura mediterr\u00e0nia amb desenes d&#8217;activitats programades.\r\n\r\nHi ha m\u00faltiples <strong>propostes destacades del programa de la Merc\u00e8 2021 prop del <\/strong><strong><a href=\"https:\/\/www.diagonalmarcentre.es\/como-llegar\/\">centre comercial Diagonal Mar<\/a><\/strong><strong>:<\/strong> en espais destacats com el Complex Esportiu Municipal La Mar Bella, el Museu de Ci\u00e8ncies Naturals de Barcelona, el Museu de la M\u00fasica, el Museu Can Framis o la plataforma marina del F\u00f2rum.[\/vc_column_text][vc_single_image image=&#8221;69772&#8243; img_size=&#8221;large&#8221; add_caption=&#8221;yes&#8221;][vc_column_text]Entre elles podem esmentar el fabul\u00f3s esdeveniment multiesportiu LGTBI+ Panteresports 2021, la mostra UTOPIA 126 per sentir-te com si estiguessis a l&#8217;Havana, les jornades de portes obertes als museus, el concert de la rapera Sofia Gabanna, el triple concert d\u2019Ayom, Bande Gamboa i Les Amazones d&#8217;Afrique o el taller Un niu d&#8217;hist\u00f2ries per a fam\u00edlies amb nens.[\/vc_column_text][vc_single_image image=&#8221;69787&#8243; img_size=&#8221;large&#8221; add_caption=&#8221;yes&#8221;][\/vc_column][\/vc_row][vc_row][vc_column][vc_column_text]\r\n<h2>Com funciona el sistema de reserva d&#8217;entrades<\/h2>\r\nCom cada any, totes les activitats de la <strong>Merc\u00e8 2021<\/strong> seran gratu\u00eftes, encara que en aquesta ocasi\u00f3, a causa de la situaci\u00f3 sanit\u00e0ria,<strong> resulta imprescindible reservar localitats a trav\u00e9s de la web lamerce.barcelona o mitjan\u00e7ant l&#8217;aplicaci\u00f3 m\u00f2bil Merc\u00e8 2021.<\/strong>\r\n\r\nLes persones que no disposin d&#8217;acc\u00e9s a la xarxa poden fer la reserva per tel\u00e8fon trucant al 933 161 038.\r\n\r\nI, si et quedes sense entrades, tens l&#8217;opci\u00f3 de gaudir de La Merc\u00e8 en obert: diverses activitats programades que es podran veure en directe mitjan\u00e7ant les webs de la <a href=\"https:\/\/www.barcelona.cat\/lamerce\/es\" target=\"_blank\" rel=\"noopener\">Merc\u00e8<\/a>, de <a href=\"https:\/\/beteve.cat\/\" target=\"_blank\" rel=\"noopener\">Betev\u00e9<\/a> i de <a href=\"https:\/\/www.barcelona.cat\/barcelonacultura\/es\" target=\"_blank\" rel=\"noopener\">Barcelona Cultura<\/a>, mentre que <a href=\"https:\/\/www.barcelona.cat\/lamerce\/es\" target=\"_blank\" rel=\"noopener\">altres espectacles seran retransmesos a trav\u00e9s de Betev\u00e9<\/a>.\r\n\r\n[\/vc_column_text][vc_single_image image=&#8221;69784&#8243; img_size=&#8221;large&#8221; add_caption=&#8221;yes&#8221;][\/vc_column][\/vc_row][vc_row][vc_column][vc_column_text]<em>* Aquest article va ser publicat originalment el 2021 i actualitzat a l&#8217;agost de 2023.<\/em>[\/vc_column_text][\/vc_column][\/vc_row]<\/div>","protected":false},"excerpt":{"rendered":"<p>Tornen les festes de la Merc\u00e8 2021 a Barcelona. Aix\u00f2 \u00e9s tot el que cal saber sobre el programa o la reserva d&#8217;entrades.<\/p>\n","protected":false},"featured_media":69799,"template":"","class_list":["post-66255","blog","type-blog","status-publish","has-post-thumbnail","hentry","categorias_blog-esdeveniments-ca"],"publishpress_future_workflow_manual_trigger":{"enabledWorkflows":[]},"_links":{"self":[{"href":"https:\/\/www.diagonalmarcentre.es\/ca\/wp-json\/wp\/v2\/blog\/66255","targetHints":{"allow":["GET"]}}],"collection":[{"href":"https:\/\/www.diagonalmarcentre.es\/ca\/wp-json\/wp\/v2\/blog"}],"about":[{"href":"https:\/\/www.diagonalmarcentre.es\/ca\/wp-json\/wp\/v2\/types\/blog"}],"wp:featuredmedia":[{"embeddable":true,"href":"https:\/\/www.diagonalmarcentre.es\/ca\/wp-json\/wp\/v2\/media\/69799"}],"wp:attachment":[{"href":"https:\/\/www.diagonalmarcentre.es\/ca\/wp-json\/wp\/v2\/media?parent=66255"}],"curies":[{"name":"wp","href":"https:\/\/api.w.org\/{rel}","templated":true}]}}